 
{"id":487,"date":"2014-01-02T12:12:19","date_gmt":"2014-01-02T11:12:19","guid":{"rendered":"http:\/\/www.colineau.fr\/famille\/?p=487"},"modified":"2014-04-16T07:21:56","modified_gmt":"2014-04-16T06:21:56","slug":"tonton-pierre-nous-a-quittes","status":"publish","type":"post","link":"https:\/\/www.colineau.fr\/famille\/blog\/2014\/01\/02\/tonton-pierre-nous-a-quittes\/","title":{"rendered":"Tonton Pierre nous a quitt\u00e9s"},"content":{"rendered":"<p>L\u2019Abb\u00e9 Pierre G\u00e9lineau, mon oncle, est d\u00e9c\u00e9d\u00e9 le 16 D\u00e9cembre 2013. C&rsquo;\u00e9tait un pr\u00eatre passionn\u00e9 par sa mission, profond\u00e9ment humain et accueillant. C&rsquo;\u00e9tait un scientifique, curieux de tout, un musicien, mais surtout un \u00ab\u00a0honn\u00eate homme\u00a0\u00bb.<\/p>\n<p><a href=\"http:\/\/www.colineau.fr\/famille\/wp-content\/uploads\/2014\/01\/PierreGelineau.jpg\"><img loading=\"lazy\" decoding=\"async\" class=\"aligncenter size-medium wp-image-488\" alt=\"PierreGelineau\" src=\"http:\/\/www.colineau.fr\/famille\/wp-content\/uploads\/2014\/01\/PierreGelineau-225x300.jpg\" width=\"225\" height=\"300\" srcset=\"https:\/\/www.colineau.fr\/famille\/wp-content\/uploads\/2014\/01\/PierreGelineau-225x300.jpg 225w, https:\/\/www.colineau.fr\/famille\/wp-content\/uploads\/2014\/01\/PierreGelineau-112x150.jpg 112w, https:\/\/www.colineau.fr\/famille\/wp-content\/uploads\/2014\/01\/PierreGelineau-400x533.jpg 400w, https:\/\/www.colineau.fr\/famille\/wp-content\/uploads\/2014\/01\/PierreGelineau.jpg 600w\" sizes=\"auto, (max-width: 225px) 100vw, 225px\" \/><\/a><\/p>\n<p>Les obs\u00e8ques ont \u00e9t\u00e9 c\u00e9l\u00e9br\u00e9es \u00e0 Jallais, le mercredi 18 d\u00e9cembre 2013.<\/p>\n<p><strong><a title=\"Un enregistrement de la messe des obs\u00e8ques est disponible ici \" href=\"http:\/\/www.colineau.fr\/famille\/media\/ObsequesPierreGelineau.mp3\" target=\"_blank\">Un enregistrement de la messe des obs\u00e8ques est disponible ici<\/a><\/strong><\/p>\n<p><strong><a href=\"http:\/\/www.colineau.fr\/famille\/wp-content\/uploads\/2014\/01\/Hom\u00e9lie-obs\u00e8ques-Pierre_Gelineau.pdf\">L&rsquo;hom\u00e9lie<\/a><\/strong> a \u00e9t\u00e9 faite par l&rsquo;abb\u00e9 Louis Forestier, un pr\u00eatre\u00a0 du cours de Pierre.<\/p>\n<div>\n<p><strong><a href=\"http:\/\/www.colineau.fr\/famille\/wp-content\/uploads\/2014\/01\/mot-daccueil-obs\u00e8ques-Pierre_Gelineau.pdf\">Le mot d&rsquo;accueil<\/a><\/strong> a \u00e9t\u00e9 prononc\u00e9 par l&rsquo;abb\u00e9 Jean Pelletier,vicaire \u00e9piscopal \u00e0 Cholet, un ancien \u00e9l\u00e8ve de Mongazon.<\/p>\n<p>Voici \u00e9galement <strong><a href=\"http:\/\/www.colineau.fr\/famille\/wp-content\/uploads\/2014\/01\/homelie_de_Pierre-60_ans_de_sacerdoce-2007.pdf\">une hom\u00e9lie de Pierre<\/a> <\/strong>le jour du jubil\u00e9 de ses 60 ans de sacerdoce, \u00e0 la Poitevini\u00e8re, fin juin 2007 .<\/p>\n<p>Enfin, <strong><a href=\"http:\/\/www.colineau.fr\/famille\/wp-content\/uploads\/2014\/01\/PierreGelineau_article-presse.pdf\">un article paru dans la presse<\/a><\/strong>, qui le d\u00e9crit bien :<\/p>\n<p><em>Unanimement estim\u00e9 de ses proches, des paroissiens et de son entourage, l&rsquo;abb\u00e9 Pierre Gelineau est d\u00e9c\u00e9d\u00e9 dans sa 91e ann\u00e9e.<\/em><\/p>\n<p><em>L&rsquo;abb\u00e9 Pierre Gelineau est n\u00e9 \u00e0 la Haute-Palussi\u00e8re de Notre-Dame-des-Mauges en 1923. Apr\u00e8s sept ann\u00e9es d&rsquo;\u00e9tudes au petit s\u00e9minaire de Beaupr\u00e9au et cinq ans au grand s\u00e9minaire d&rsquo;Angers, il est ordonn\u00e9 pr\u00eatre le 28 juin 1947. Trois ann\u00e9es suppl\u00e9mentaires d&rsquo;\u00e9tudes \u00e0 la Catho d&rsquo;Angers lui permettent de d\u00e9crocher une licence de sciences physiques. Pendant 33 ans, il exerce les fonctions de professeur \u00e0 l&rsquo;ins\u00adtitution Mongazon d&rsquo;Angers. Il est en m\u00eame temps pendant dix ans vacataire \u00e0 la Catho. \u00c0 sa demande, en 1983, il quitte l&rsquo;enseignement pour le minis\u00adt\u00e8re paroissial. II est alors cur\u00e9 au Plessis-Grammoire-Sarrign\u00e9 pendant six ans puis, en 1989, cur\u00e9 du Pin-en-Mauges &#8211; La Poitevini\u00e8re. II prend sa retraite en 1998 tout en restant au service des deux paroisses de Jallais et du May.<\/em><\/p>\n<p><strong><em>Vision objective du monde<\/em><\/strong><\/p>\n<p><em>\u00c9rudit, bon vivant, dou\u00e9 d&rsquo;une grande ouverture d&rsquo;esprit et d&rsquo;une forte personnalit\u00e9, l&rsquo;abb\u00e9 Pierre Gelineau \u00e9tait de contact facile et s&rsquo;adaptait \u00e0 tous les mi\u00adlieux. Il poss\u00e9dait un sens aigu de la famille. Ayant beaucoup voyag\u00e9, il savait communiquer son savoir et son exp\u00e9rience par une vision objective du monde. Ses diff\u00e9rents minist\u00e8res n&rsquo;ont laiss\u00e9 de lui que d&rsquo;excellents souvenirs.<\/em><\/p>\n<p><em>La s\u00e9pulture de l&rsquo;abb\u00e9 Geli\u00adneau aura lieu en l&rsquo;\u00e9glise de Jallais aujourd&rsquo;hui mercredi \u00e0 10 h 30. Elle sera suivie de son inhumation au cimeti\u00e8re de Notre-Dame-des-Mauges.<\/em><\/p>\n<p>&nbsp;<\/p>\n<p><strong>Voici \u00e9galement une courte biographie<\/strong> tir\u00e9e du site du dioc\u00e8se: <a href=\"http:\/\/catholique-angers.cef.fr\/Deces-pretres\">http:\/\/catholique-angers.cef.fr\/Deces-pretres<\/a><\/p>\n<\/div>\n<p><em>Pierre \u00e9tait n\u00e9 le 24 janv 1923 \u00e0 Notre-Dame des Mauges, Jallais.<\/em><br \/>\n<em> Il a \u00e9t\u00e9 ordonn\u00e9 pr\u00eatre le 28 juin 1947.<\/em><\/p>\n<p><em>Voici les principales \u00e9tapes de son minist\u00e8re\u00a0:<\/em><\/p>\n<p><em>1947\u00a0: \u00e9tudiant \u00e0 la Facult\u00e9 des Sciences<\/em><br \/>\n<em> 1950\u00a0: professeur \u00e0 Mongazon<\/em><br \/>\n<em> 1960\u00a0: en outre membre de la Commission. de Musique Sacr\u00e9e<\/em><br \/>\n<em> 1969\u00a0: en outre charg\u00e9 d\u2019aum\u00f4nerie \u00e0 l\u2019Institution Ste Agn\u00e8s<\/em><br \/>\n<em> 1983\u00a0: responsable du Plessis-Grammoire, de Foudon et de Sarrign\u00e9. Il demeure \u00e0 mi-temps, professeur \u00e0 l\u2019institution Mongazon,<\/em><br \/>\n<em> 1989\u00a0: cur\u00e9 du Pin-en-Mauges et de La Poitevini\u00e9re,<\/em><br \/>\n<em> 1996\u00a0: pr\u00eatre coop\u00e9rateur de la paroisse nouvelle dont Jallais fait partie<\/em><br \/>\n<em> 1998\u00a0: puis au service de la paroisse Le Sacr\u00e9-C\u0153ur-des-Mauges<\/em><br \/>\n<em> 2013. est admis \u00e0 prendre sa retraite.<\/em><\/p>\n<p><em>Pierre, tu as marqu\u00e9 profond\u00e9ment par ta foi et ton humanit\u00e9 les personnes avec qui tu as v\u00e9cu: ta famille, tes \u00e9l\u00e8ves, tes paroissiens. Merci &#8230;<\/em><\/p>\n","protected":false},"excerpt":{"rendered":"<p>L\u2019Abb\u00e9 Pierre G\u00e9lineau, mon oncle, est d\u00e9c\u00e9d\u00e9 le 16 D\u00e9cembre 2013. C&rsquo;\u00e9tait un pr\u00eatre passionn\u00e9 par sa mission, profond\u00e9ment humain et accueillant. C&rsquo;\u00e9tait un scientifique, curieux de tout, un musicien, mais surtout un \u00ab\u00a0honn\u00eate homme\u00a0\u00bb. Les obs\u00e8ques ont \u00e9t\u00e9 c\u00e9l\u00e9br\u00e9es \u00e0 Jallais, le mercredi 18 d\u00e9cembre 2013. Un enregistrement de la messe des obs\u00e8ques est &hellip; <a href=\"https:\/\/www.colineau.fr\/famille\/blog\/2014\/01\/02\/tonton-pierre-nous-a-quittes\/\" class=\"more-link\">Continuer la lecture de <span class=\"screen-reader-text\">Tonton Pierre nous a quitt\u00e9s<\/span> <span class=\"meta-nav\">&rarr;<\/span><\/a><\/p>\n","protected":false},"author":1,"featured_media":0,"comment_status":"closed","ping_status":"closed","sticky":false,"template":"","format":"standard","meta":{"footnotes":""},"categories":[1],"tags":[],"class_list":["post-487","post","type-post","status-publish","format-standard","hentry","category-non-classe"],"_links":{"self":[{"href":"https:\/\/www.colineau.fr\/famille\/wp-json\/wp\/v2\/posts\/487","targetHints":{"allow":["GET"]}}],"collection":[{"href":"https:\/\/www.colineau.fr\/famille\/wp-json\/wp\/v2\/posts"}],"about":[{"href":"https:\/\/www.colineau.fr\/famille\/wp-json\/wp\/v2\/types\/post"}],"author":[{"embeddable":true,"href":"https:\/\/www.colineau.fr\/famille\/wp-json\/wp\/v2\/users\/1"}],"replies":[{"embeddable":true,"href":"https:\/\/www.colineau.fr\/famille\/wp-json\/wp\/v2\/comments?post=487"}],"version-history":[{"count":0,"href":"https:\/\/www.colineau.fr\/famille\/wp-json\/wp\/v2\/posts\/487\/revisions"}],"wp:attachment":[{"href":"https:\/\/www.colineau.fr\/famille\/wp-json\/wp\/v2\/media?parent=487"}],"wp:term":[{"taxonomy":"category","embeddable":true,"href":"https:\/\/www.colineau.fr\/famille\/wp-json\/wp\/v2\/categories?post=487"},{"taxonomy":"post_tag","embeddable":true,"href":"https:\/\/www.colineau.fr\/famille\/wp-json\/wp\/v2\/tags?post=487"}],"curies":[{"name":"wp","href":"https:\/\/api.w.org\/{rel}","templated":true}]}}